[{"@context":"https:\/\/schema.org\/","@type":"Article","@id":"https:\/\/www.froeschl.cz\/300-tisic-korun-jen-pro-cast-rodin\/#Article","mainEntityOfPage":"https:\/\/www.froeschl.cz\/300-tisic-korun-jen-pro-cast-rodin\/","headline":"300 tis\u00edc korun jen pro \u010d\u00e1st rodin","name":"300 tis\u00edc korun jen pro \u010d\u00e1st rodin","description":"Na zmi\u0148ovan\u00fd vy\u0161\u0161\u00ed rodi\u010dovsk\u00fd p\u0159\u00edsp\u011bvek dos\u00e1hne jen rodina s d\u011btmi do \u010dty\u0159 let, kter\u00e9 budou v lednu 2020 st\u00e1le d\u00e1vku pob\u00edrat a nestihly si do t\u00e9 doby vybrat na d\u00e1vk\u00e1ch dosavadn\u00edch 220 tis\u00edc. Poslanci p\u0159ehlasovali sen\u00e1t a t\u00edm potvrdili, \u017ee n\u00e1rok vybrat si rodi\u010dovsk\u00fd p\u0159\u00edsp\u011bvek ve v\u00fd\u0161i 300 tis\u00edc korun budou m\u00edt jen asi osmdes\u00e1t&#46;&#46;&#46;","datePublished":"2019-12-07","dateModified":"2023-06-07","author":{"@type":"Person","@id":"https:\/\/www.froeschl.cz\/author\/#Person","name":"","url":"https:\/\/www.froeschl.cz\/author\/","identifier":1,"image":{"@type":"ImageObject","@id":"https:\/\/secure.gravatar.com\/avatar\/f14f9548cfce1bfc4b3267434069a757db9568e455121a8852ede019c83b3b5e?s=96&d=mm&r=g","url":"https:\/\/secure.gravatar.com\/avatar\/f14f9548cfce1bfc4b3267434069a757db9568e455121a8852ede019c83b3b5e?s=96&d=mm&r=g","height":96,"width":96}},"publisher":{"@type":"Organization","name":"froeschl.cz","logo":{"@type":"ImageObject","@id":"\/logo.png","url":"\/logo.png","width":600,"height":60}},"image":{"@type":"ImageObject","@id":"https:\/\/www.froeschl.cz\/wp-content\/uploads\/img_a364400_w4310_t1577117274.jpg","url":"https:\/\/www.froeschl.cz\/wp-content\/uploads\/img_a364400_w4310_t1577117274.jpg","height":0,"width":0},"url":"https:\/\/www.froeschl.cz\/300-tisic-korun-jen-pro-cast-rodin\/","about":["Ekonomika"],"wordCount":393,"articleBody":"Na zmi\u0148ovan\u00fd vy\u0161\u0161\u00ed rodi\u010dovsk\u00fd p\u0159\u00edsp\u011bvek dos\u00e1hne jen rodina s d\u011btmi do \u010dty\u0159 let, kter\u00e9 budou v lednu 2020 st\u00e1le d\u00e1vku pob\u00edrat a nestihly si do t\u00e9 doby vybrat na d\u00e1vk\u00e1ch dosavadn\u00edch 220 tis\u00edc. Poslanci p\u0159ehlasovali sen\u00e1t a t\u00edm potvrdili, \u017ee n\u00e1rok vybrat si rodi\u010dovsk\u00fd p\u0159\u00edsp\u011bvek ve v\u00fd\u0161i 300 tis\u00edc korun budou m\u00edt jen asi osmdes\u00e1t procent \u010desk\u00fdch rodin s d\u011btmi do \u010dty\u0159 let.&#13; Ministryn\u011b pr\u00e1ce a soci\u00e1ln\u00edch v\u011bc\u00ed Jana Mal\u00e1\u010dov\u00e1 za \u010cSSD p\u0159ihnala, \u017ee se j\u00ed nepoda\u0159ilo p\u0159esv\u011bd\u010dit vlastn\u00ed stranu, aby tento p\u0159\u00edsp\u011bvek dostaly v\u0161echny rodiny s d\u011btmi ve v\u011bku do \u010dty\u0159 let.&#13; &#13; Sn\u011bmovna tak potvrdila variantu, kterou u\u017e jednou prosadili hlavn\u011b tedy poslanci strany ANO, \u010cSSD a KS\u010cM, podle kter\u00e9 se nav\u00fd\u0161en\u00ed celkov\u00e9 \u010d\u00e1stky nem\u00e1 t\u00fdkat v\u0161ech, ale jen uveden\u00fdch osmdes\u00e1ti procent rodin s mal\u00fdmi d\u011btmi. Pro tuto variantu hlasovalo 186 poslanc\u016f z celkov\u00e9ho po\u010dtu 187 p\u0159\u00edtomn\u00fdch. Zdr\u017eel se pouze jedin\u00fd poslanec, a to konkr\u00e9tn\u011b dle dostupn\u00fdch zdroj\u016f Miroslav Greben\u00ed\u010dek, b\u00fdval\u00fd \u0161\u00e9f komunistick\u00e9 strany. Nyn\u00ed je ji\u017e jen na \u0159ad\u011b podstat\u011b form\u00e1ln\u00ed potvrzen\u00ed prezidentem Milo\u0161em Zemanem.&#13; Druhou variantou pak byl n\u00e1vrh Sen\u00e1tu, kter\u00fd byl podporov\u00e1n opozic\u00ed, a to konkr\u00e9tn\u011b zv\u00fd\u0161en\u00ed p\u0159\u00edsp\u011bvku v\u0161em rodin\u00e1m s d\u011btmi do \u010dty\u0159 let. Pro tuto verzi hlasovalo 79 poslanc\u016f z celkov\u00e9ho po\u010dtu 179. Mezi podporovatele t\u00e9to varianty pak pat\u0159ily strany ODS, Pir\u00e1ti, SPD, KDU-\u010cSL, TOP 09, STAN a Trikol\u00f3ra.&#13; &#13; Premi\u00e9r Andrej Babi\u0161 pak reagoval na n\u00e1pad Mal\u00e1\u010dov\u00e9 tak, \u017ee konstatoval nemyslitelnost podpo\u0159en\u00ed \u0161t\u011bd\u0159ej\u0161\u00ed ze dvou variant, nebo\u0165 se ji\u017e schv\u00e1lil rozpo\u010det. Ten ve schv\u00e1len\u00e9 verzi nepo\u010d\u00edtal s dal\u0161\u00edm v\u00fddajem ve v\u00fd\u0161i 2,6 miliardy korun. Tolik by toti\u017e plo\u0161n\u00e9 nav\u00fd\u0161en\u00ed p\u0159\u00edsp\u011bvku je\u0161t\u011b st\u00e1lo st\u00e1t.&#13; Podle \u0161\u00e9fa ODS Petra Fialy v\u0161ak jsou potrest\u00e1ny ty rodiny, kter\u00e9 si vybrali krat\u0161\u00ed dobu na pob\u00edr\u00e1n\u00ed p\u0159\u00edsp\u011bvku. Dokonce jeden z poslanc\u016f pronesl, \u017ee by v\u016f\u010di tomuto rozhodnut\u00ed mohla b\u00fdt pod\u00e1na \u00fastavn\u00ed st\u00ed\u017enost.&#13; &#13;                                                                                                                                                                                                                                                                                                                                                                                         3.1\/5 - (10 votes)        "},{"@context":"https:\/\/schema.org\/","@type":"BreadcrumbList","itemListElement":[{"@type":"ListItem","position":1,"name":"300 tis\u00edc korun jen pro \u010d\u00e1st rodin","item":"https:\/\/www.froeschl.cz\/300-tisic-korun-jen-pro-cast-rodin\/#breadcrumbitem"}]}]