[{"@context":"https:\/\/schema.org\/","@type":"Article","@id":"https:\/\/www.froeschl.cz\/co-nam-brani-v-zivotnim-stesti\/#Article","mainEntityOfPage":"https:\/\/www.froeschl.cz\/co-nam-brani-v-zivotnim-stesti\/","headline":"Co n\u00e1m br\u00e1n\u00ed v \u017eivotn\u00edm \u0161t\u011bst\u00ed","name":"Co n\u00e1m br\u00e1n\u00ed v \u017eivotn\u00edm \u0161t\u011bst\u00ed","description":"Mnoho lid\u00ed je p\u0159esv\u011bd\u010deno, \u017ee \u0161t\u011bst\u00ed je jen n\u011bco nahodil\u00e9ho, co je bu\u010f potk\u00e1 nebo se jim vyhne. Ale trval\u00e9 \u0161t\u011bst\u00ed lze naj\u00edt sami v sob\u011b, nikomu nemus\u00ed b\u00fdt odep\u0159eno. V\u0161ichni chceme pro\u017e\u00edt p\u0159\u00edjemn\u00fd \u017eivot, m\u00edt \u00fasp\u011bch, dobr\u00e9 vztahy s lidmi a pr\u00e1ci, jen\u017e n\u00e1s bude uspokojovat. Na prvn\u00ed m\u00edsto si pak d\u00e1v\u00e1me zdrav\u00ed. M\u00e1lo&#46;&#46;&#46;","datePublished":"2019-04-27","dateModified":"2019-04-27","author":{"@type":"Person","@id":"https:\/\/www.froeschl.cz\/author\/#Person","name":"","url":"https:\/\/www.froeschl.cz\/author\/","identifier":1,"image":{"@type":"ImageObject","@id":"https:\/\/secure.gravatar.com\/avatar\/f14f9548cfce1bfc4b3267434069a757db9568e455121a8852ede019c83b3b5e?s=96&d=mm&r=g","url":"https:\/\/secure.gravatar.com\/avatar\/f14f9548cfce1bfc4b3267434069a757db9568e455121a8852ede019c83b3b5e?s=96&d=mm&r=g","height":96,"width":96}},"publisher":{"@type":"Organization","name":"froeschl.cz","logo":{"@type":"ImageObject","@id":"\/logo.png","url":"\/logo.png","width":600,"height":60}},"image":{"@type":"ImageObject","@id":"https:\/\/www.froeschl.cz\/wp-content\/uploads\/img_a343600_w2321_t1556552470.jpg","url":"https:\/\/www.froeschl.cz\/wp-content\/uploads\/img_a343600_w2321_t1556552470.jpg","height":0,"width":0},"url":"https:\/\/www.froeschl.cz\/co-nam-brani-v-zivotnim-stesti\/","wordCount":436,"articleBody":"Mnoho lid\u00ed je p\u0159esv\u011bd\u010deno, \u017ee \u0161t\u011bst\u00ed je jen n\u011bco nahodil\u00e9ho, co je bu\u010f potk\u00e1 nebo se jim vyhne. Ale trval\u00e9 \u0161t\u011bst\u00ed lze naj\u00edt sami v sob\u011b, nikomu nemus\u00ed b\u00fdt odep\u0159eno.V\u0161ichni chceme pro\u017e\u00edt p\u0159\u00edjemn\u00fd \u017eivot, m\u00edt \u00fasp\u011bch, dobr\u00e9 vztahy s lidmi a pr\u00e1ci, jen\u017e n\u00e1s bude uspokojovat. Na prvn\u00ed m\u00edsto si pak d\u00e1v\u00e1me zdrav\u00ed. M\u00e1lo v\u0161ak db\u00e1me p\u0159edev\u0161\u00edm na zdrav\u00ed du\u0161evn\u00ed, nebo\u0165 dlouhodob\u00e1 a neust\u00e1l\u00e1 psychick\u00e1 z\u00e1t\u011b\u017e, st\u00e1l\u00e1 honba za pen\u011bzi, ale m\u00e1lo l\u00e1sky a cit\u016f jsou p\u0159\u00ed\u010dinou na\u0161ich nemoc\u00ed.\u017divotn\u00ed \u0161t\u011bst\u00ed si v\u0161ichni vytv\u00e1\u0159\u00edme sami. Kdy\u017e n\u00e1s nepotk\u00e1, z\u0159ejm\u011b jsme podcenily n\u011bkter\u00e9 p\u0159\u00edrodn\u00ed z\u00e1kony.\u00a0S\u00cdLA MY\u0160LENKYHl\u00eddat si a zvl\u00e1dat svoje my\u0161lenky, to pat\u0159\u00ed k z\u00e1klad\u016fm, jen\u017e vytv\u00e1\u0159\u00ed \u0161t\u011bst\u00ed v \u017eivot\u011b ka\u017ed\u00e9ho \u010dlov\u011bka. My\u0161lenka m\u00e1 neuv\u011b\u0159itelnou s\u00edlu, vytv\u00e1\u0159\u00ed na\u0161i realitu, to, jak se c\u00edt\u00edme. Negativn\u00edmi my\u0161lenkami si p\u0159ivol\u00e1v\u00e1me \u0161patn\u00e9 situace a pozitivn\u00edmi si navozujeme dobr\u00e9 pocity, kter\u00e9 evokuj\u00ed \u00fasp\u011bch a \u0161t\u011bst\u00ed. Jak mysl\u00edme, tak se i vyjad\u0159ujeme a chov\u00e1me. Ur\u010dit\u00e9 chov\u00e1n\u00ed se st\u00e1v\u00e1 zvykem a takov\u00e1 je potom na\u0161e povaha. A jakou m\u00e1me povahu, takov\u00fd n\u00e1s \u010dek\u00e1 i osud.\u00a0D\u016eLE\u017dIT\u00c9 EMOCEJen t\u011b\u017eko se m\u016f\u017eeme c\u00edtit v \u017eivot\u011b \u0161\u0165astn\u00fdmi, pokud svoje emoce potla\u010dujeme. Pro \u0161\u0165astn\u00fd \u017eivot maj\u00ed prvotn\u00ed v\u00fdznam, proto\u017ee jen s nimi se m\u016f\u017eeme v \u017eivot\u011b realizovat. Velmi d\u016fle\u017eit\u00e9 je nau\u010dit se je zvl\u00e1dat a zp\u016fsob, jak\u00fdm to d\u011bl\u00e1me ur\u010duje na\u0161i emo\u010dn\u00ed inteligenci. City, n\u00e1lady, pohnut\u00ed, dojet\u00ed \u2013 prost\u011b pro\u017e\u00edv\u00e1n\u00ed \u017eivota p\u0159\u00edmo vytv\u00e1\u0159\u00ed lidsk\u00fd charakter.\u00a0F\u00c1ZE \u017dIVOTAUv\u011bdomit si, v jak\u00e9 etap\u011b \u017eivota se pr\u00e1v\u011b nach\u00e1z\u00edme, je pro \u017eivotn\u00ed \u0161t\u011bst\u00ed nem\u00e9n\u011b d\u016fle\u017eit\u00e9 jako p\u0159edchoz\u00ed znalosti. Cyklus \u017eivota je jasn\u00fd: zrozen\u00ed, d\u011btstv\u00ed, ml\u00e1d\u00ed, dosp\u011blost, st\u00e1\u0159\u00ed a smrt. Jsme jako \u010dty\u0159i ro\u010dn\u00ed obdob\u00ed a m\u011bli bychom si uv\u011bdomit, kde se pr\u00e1v\u011b nach\u00e1z\u00edme \u010di na jak\u00e9m p\u0159elomu. Zda jsme v obdob\u00ed, kdy p\u0159edev\u0161\u00edm p\u0159ij\u00edm\u00e1me nebo se u\u010d\u00edme d\u00e1vat \u010di bychom u\u017e m\u011bli d\u00e1vat a slou\u017eit a podle toho nach\u00e1zet svoje \u0161t\u011bst\u00ed.\u00a0                                                                                                                                                                                                                                                                                                                                                                                        4\/5 - (10 votes)        "},{"@context":"https:\/\/schema.org\/","@type":"BreadcrumbList","itemListElement":[{"@type":"ListItem","position":1,"name":"Co n\u00e1m br\u00e1n\u00ed v \u017eivotn\u00edm \u0161t\u011bst\u00ed","item":"https:\/\/www.froeschl.cz\/co-nam-brani-v-zivotnim-stesti\/#breadcrumbitem"}]}]