[{"@context":"https:\/\/schema.org\/","@type":"Article","@id":"https:\/\/www.froeschl.cz\/druzstva-staci-jeste-v-21-stoleti\/#Article","mainEntityOfPage":"https:\/\/www.froeschl.cz\/druzstva-staci-jeste-v-21-stoleti\/","headline":"Dru\u017estva \u2013 sta\u010d\u00ed je\u0161t\u011b v 21. stolet\u00ed?","name":"Dru\u017estva \u2013 sta\u010d\u00ed je\u0161t\u011b v 21. stolet\u00ed?","description":"Dru\u017estvo, mnoz\u00ed z n\u00e1s si spoj\u00ed dan\u00fd term\u00edn s minul\u00fdm re\u017eimem, kde dru\u017estva vznikala skoro sama a vznik byl dokonce podporov\u00e1n vl\u00e1dnouc\u00ed stranou jako vzor v\u0161eho dobr\u00e9ho a komunistick\u00e9ho. Dru\u017estvo, nap\u0159\u00edklad to zem\u011bd\u011blsk\u00e9, bylo skoro v ka\u017ed\u00e9 vesnici \u010di m\u011bst\u011b a v\u011bt\u0161inou se staralo o rozvoj zem\u011bd\u011blstv\u00ed (nebo sp\u00ed\u0161e udr\u017een\u00ed v alespo\u0148 trochu schopn\u00e9 produktivit\u011b),&#46;&#46;&#46;","datePublished":"2023-06-07","dateModified":"2023-06-07","author":{"@type":"Person","@id":"https:\/\/www.froeschl.cz\/author\/#Person","name":"","url":"https:\/\/www.froeschl.cz\/author\/","identifier":1,"image":{"@type":"ImageObject","@id":"https:\/\/secure.gravatar.com\/avatar\/f14f9548cfce1bfc4b3267434069a757db9568e455121a8852ede019c83b3b5e?s=96&d=mm&r=g","url":"https:\/\/secure.gravatar.com\/avatar\/f14f9548cfce1bfc4b3267434069a757db9568e455121a8852ede019c83b3b5e?s=96&d=mm&r=g","height":96,"width":96}},"publisher":{"@type":"Organization","name":"froeschl.cz","logo":{"@type":"ImageObject","@id":"\/logo.png","url":"\/logo.png","width":600,"height":60}},"image":{"@type":"ImageObject","@id":"https:\/\/www.froeschl.cz\/wp-content\/uploads\/img_a316518_w2187_t1527451220.png","url":"https:\/\/www.froeschl.cz\/wp-content\/uploads\/img_a316518_w2187_t1527451220.png","height":0,"width":0},"url":"https:\/\/www.froeschl.cz\/druzstva-staci-jeste-v-21-stoleti\/","wordCount":466,"articleBody":"Dru\u017estvo, mnoz\u00ed z n\u00e1s si spoj\u00ed dan\u00fd term\u00edn s minul\u00fdm re\u017eimem, kde dru\u017estva vznikala skoro sama a vznik byl dokonce podporov\u00e1n vl\u00e1dnouc\u00ed stranou jako vzor v\u0161eho dobr\u00e9ho a komunistick\u00e9ho. Dru\u017estvo, nap\u0159\u00edklad to zem\u011bd\u011blsk\u00e9, bylo skoro v ka\u017ed\u00e9 vesnici \u010di m\u011bst\u011b a v\u011bt\u0161inou se staralo o rozvoj zem\u011bd\u011blstv\u00ed (nebo sp\u00ed\u0161e udr\u017een\u00ed v alespo\u0148 trochu schopn\u00e9 produktivit\u011b), pr\u016fmyslu, chovu dobytka a zv\u011b\u0159e apod. S p\u00e1dem minul\u00e9ho re\u017eimu se v\u0161ak nestalo to, \u017ee by dru\u017estva byla vy\u0161krtnuta ze seznamu pr\u00e1vnick\u00fdch osob, ale sp\u00ed\u0161e naopak forma p\u0159etrvala. By\u0165 se ne\u0159ad\u00ed k nejpopul\u00e1rn\u011bj\u0161\u00edm form\u00e1m nov\u011b vznikl\u00fdch pr\u00e1vnick\u00fdch osob.&#13; &#13; &#13; &#13; Obecn\u011b k dru\u017estvu&#13; &#13; Jedn\u00e1 se o spole\u010denstv\u00ed neuzav\u0159en\u00e9ho po\u010dtu osob, kter\u00e9 se \u010dlenov\u00e9 zakl\u00e1daj\u00ed za \u00fa\u010delem vz\u00e1jemn\u00e9 podpory sv\u00fdch \u010dlen\u016f nebo t\u0159et\u00edch osob. Z prost\u00e9 definice, kterou nalezneme v ka\u017ed\u00e9 u\u010debnici obchodn\u00edho pr\u00e1va m\u016f\u017eeme vy\u010d\u00edst, \u017ee po\u010det \u010dlen\u016f v takov\u00e9m dru\u017estvu nen\u00ed nijak omezen, ba naopak \u2013 \u010d\u00edm v\u00edce, t\u00edm l\u00e9pe. Nese to sebou samoz\u0159ejm\u011b mnohem v\u011bt\u0161\u00ed \u201ediskurz\u201c mezi jednotliv\u00fdmi \u010dleny, ale to asi v\u0161ude. Ka\u017ed\u00e1 pr\u00e1vnick\u00e1 osoba mus\u00ed b\u00fdt zalo\u017eena za n\u011bjak\u00fdm \u00fa\u010delem, nelze si jen tak zalo\u017eit firmu Pepa s.r.o. a jen tak existovat. Dru\u017estvo se v\u011bt\u0161inou zakl\u00e1d\u00e1 za \u00fa\u010delem vz\u00e1jemn\u00e9 podpory \u2013 tedy \u010dlenov\u00e9 po vzoru minul\u00e9ho re\u017eimu daj\u00ed do dru\u017estva traktory, seka\u010dky a kosy a vz\u00e1jemn\u011b si je vyp\u016fj\u010duj\u00ed, tak\u017ee v\u0161ichni mohou t\u011b\u017eit z kapit\u00e1lu ostatn\u00edch \u2013 n\u00e1dhera. Podporovat se tak\u00e9 m\u016f\u017ee i ne\u010dlen, nap\u0159\u00edklad m\u016f\u017ee b\u00fdt dru\u017estvo zalo\u017eeno na podporu zem\u011bd\u011blc\u016f, ani\u017e by tam n\u011bjac\u00ed zem\u011bd\u011blci byli.&#13; &#13; &#13; &#13; Nemus\u00ed b\u00fdt v\u0161ak vz\u00e1jemn\u00e1 podpora t\u00edm hlavn\u00edm st\u0159edobodem, obchod a byznys m\u016f\u017ee b\u00fdt u t\u00e9to pr\u00e1vn\u00ed formy tak\u00e9 \u00fa\u010delem.&#13; &#13; Soci\u00e1ln\u00ed a sv\u00e9pomocn\u00e1 funkce, kter\u00e1 st\u00e1la u zrodu t\u00e9to formy, je p\u0159echov\u00e1na z historie i v nyn\u011bj\u0161\u00ed pr\u00e1vn\u00ed norm\u011b, a tedy v\u016fbec nen\u00ed probl\u00e9m, abyste takov\u00e9 dru\u017estvo, kter\u00e9 se je\u0161t\u011b dr\u017e\u00ed z minul\u00e9ho re\u017eimu, potkali v sousedn\u00ed nebo p\u0159\u00edmo va\u0161\u00ed vesnici.&#13; &#13; &#13; &#13; Kde v\u0161ude m\u016f\u017eu podporovat?&#13; &#13; Nemus\u00ed to b\u00fdt jenom zem\u011bd\u011blstv\u00ed, ale dru\u017estvo se m\u016f\u017ee anga\u017eovat i v jin\u00fdch oblastech \u2013 oblasti soci\u00e1ln\u00ed, vzd\u011bl\u00e1vac\u00ed, kulturn\u00ed\u2026, chut\u00ed m\u00e1me na vybranou.&#13;                                                                                                                                                                                                                                                                                                                                                                                         3.7\/5 - (4 votes)        "},{"@context":"https:\/\/schema.org\/","@type":"BreadcrumbList","itemListElement":[{"@type":"ListItem","position":1,"name":"Dru\u017estva \u2013 sta\u010d\u00ed je\u0161t\u011b v 21. stolet\u00ed?","item":"https:\/\/www.froeschl.cz\/druzstva-staci-jeste-v-21-stoleti\/#breadcrumbitem"}]}]