[{"@context":"https:\/\/schema.org\/","@type":"Article","@id":"https:\/\/www.froeschl.cz\/dum-plny-barev\/#Article","mainEntityOfPage":"https:\/\/www.froeschl.cz\/dum-plny-barev\/","headline":"D\u016fm pln\u00fd barev","name":"D\u016fm pln\u00fd barev","description":"Barvy v interi\u00e9ru m\u016f\u017eou b\u00fdt \u00fapln\u00fd zabij\u00e1k anebo slunce, kter\u00e9 ka\u017ed\u00fd prostor p\u0159\u00edjemn\u011b proh\u0159eje a rozz\u00e1\u0159\u00ed. Nen\u00ed dobr\u00e9 st\u0159\u00edlet p\u0159i malov\u00e1n\u00ed od boku. N\u011bkde to budou syt\u00e9 barvy, co m\u00edstnosti pom\u016f\u017ee a jinde je l\u00e9pe zvolit decentn\u011bj\u0161\u00ed t\u00f3ny. Krom\u011b st\u011bn zam\u00edchaj\u00ed dojmem z dan\u00e9ho prostoru i podlahy. A krom\u011b materi\u00e1lu je to pr\u00e1v\u011b jejich barevnost,&#46;&#46;&#46;","datePublished":"2023-07-21","dateModified":"2023-07-21","author":{"@type":"Person","@id":"https:\/\/www.froeschl.cz\/author\/#Person","name":"","url":"https:\/\/www.froeschl.cz\/author\/","identifier":1,"image":{"@type":"ImageObject","@id":"https:\/\/secure.gravatar.com\/avatar\/f14f9548cfce1bfc4b3267434069a757db9568e455121a8852ede019c83b3b5e?s=96&d=mm&r=g","url":"https:\/\/secure.gravatar.com\/avatar\/f14f9548cfce1bfc4b3267434069a757db9568e455121a8852ede019c83b3b5e?s=96&d=mm&r=g","height":96,"width":96}},"publisher":{"@type":"Organization","name":"froeschl.cz","logo":{"@type":"ImageObject","@id":"\/logo.png","url":"\/logo.png","width":600,"height":60}},"url":"https:\/\/www.froeschl.cz\/dum-plny-barev\/","wordCount":246,"articleBody":"Barvy v interi\u00e9ru m\u016f\u017eou b\u00fdt \u00fapln\u00fd zabij\u00e1k anebo slunce, kter\u00e9 ka\u017ed\u00fd prostor p\u0159\u00edjemn\u011b proh\u0159eje a rozz\u00e1\u0159\u00ed. Nen\u00ed dobr\u00e9 st\u0159\u00edlet p\u0159i malov\u00e1n\u00ed od boku. N\u011bkde to budou syt\u00e9 barvy, co m\u00edstnosti pom\u016f\u017ee a jinde je l\u00e9pe zvolit decentn\u011bj\u0161\u00ed t\u00f3ny. Krom\u011b st\u011bn zam\u00edchaj\u00ed dojmem z dan\u00e9ho prostoru i podlahy. A krom\u011b materi\u00e1lu je to pr\u00e1v\u011b jejich barevnost, co se na atmosf\u00e9\u0159e bydlen\u00ed v\u00fdrazn\u011b pod\u00edl\u00ed. Pokud si jako podlahovou krytinu zvol\u00edte koberce metr\u00e1\u017e, tak jste t\u00edmto rozhodnut\u00edm dostali do rukou mocnou zbra\u0148. M\u016f\u017eete v\u0161echny m\u00edstnosti n\u00e1dhern\u011b sjednotit anebo va\u0161e tv\u016fr\u010d\u00ed invence skon\u010d\u00ed jako skl\u00e1danka puzzle.Bu\u010fte sv\u00edKoberce metr\u00e1\u017enejsou samoz\u0159ejm\u011b \u017e\u00e1dn\u00e1 trendy podlahov\u00e1 krytina. D\u00e1vno je p\u0159edstihly jin\u00e9 krytiny. Ale ani ony se na v\u00fdslun\u00ed dlouho h\u0159\u00e1t nebudou. Na prvn\u00edch m\u00edstech je vzhledem k neust\u00e1l\u00fdm novink\u00e1m dost velk\u00fd pohyb. Ale ka\u017ed\u00e1 sl\u00e1va poln\u00ed tr\u00e1va. Nakonec se v\u00edt\u011bzem stanou takov\u00e9 podlahy, kter\u00e9 jsou tu oded\u00e1vna. Byly, jsou a st\u00e1le budou. St\u00e1le je toti\u017e dost t\u011bch, kte\u0159\u00ed s\u00e1z\u00ed na klasiku a maj\u00ed rad\u011bji osv\u011bd\u010denou jistotu. Proto je dost z\u00e1kazn\u00edk\u016f v\u011brn\u00fdch n\u011b\u010demu, co rozhodn\u011b nen\u00ed hit, ale co p\u0159esto dok\u00e1\u017ee jejich n\u00e1roky uspokojit.                                                                                                                                                                                                                                                                                                                                                                                        3.6\/5 - (5 votes)        "},{"@context":"https:\/\/schema.org\/","@type":"BreadcrumbList","itemListElement":[{"@type":"ListItem","position":1,"name":"D\u016fm pln\u00fd barev","item":"https:\/\/www.froeschl.cz\/dum-plny-barev\/#breadcrumbitem"}]}]