[{"@context":"https:\/\/schema.org\/","@type":"Article","@id":"https:\/\/www.froeschl.cz\/je-hrozne-dulezite-myslet-take-na-sebe\/#Article","mainEntityOfPage":"https:\/\/www.froeschl.cz\/je-hrozne-dulezite-myslet-take-na-sebe\/","headline":"Je hrozn\u011b d\u016fle\u017eit\u00e9 myslet tak\u00e9 na sebe","name":"Je hrozn\u011b d\u016fle\u017eit\u00e9 myslet tak\u00e9 na sebe","description":"Spole\u010dnost a na\u0161e okol\u00ed od n\u00e1s o\u010dek\u00e1v\u00e1, \u017ee ze sebe budeme d\u00e1vat maximum pro ostatn\u00ed. A\u0165 u\u017e je to na\u0161e pr\u00e1ce, \u0161kola nebo klidn\u011b i z\u00e1jmov\u00e1 skupina. V\u0161ichni \u010dekaj\u00ed, \u017ee kdy\u017e se do n\u011b\u010deho zapoj\u00edte, budete d\u00e1vat sv\u00e9 maximum a v\u017edy tam budete pro druh\u00e9. Mohou se na v\u00e1s v\u017edy spolehnout. N\u011bkdy se ale t\u011b\u017eko&#46;&#46;&#46;","datePublished":"2018-09-14","dateModified":"2023-06-07","author":{"@type":"Person","@id":"https:\/\/www.froeschl.cz\/author\/#Person","name":"","url":"https:\/\/www.froeschl.cz\/author\/","identifier":1,"image":{"@type":"ImageObject","@id":"https:\/\/secure.gravatar.com\/avatar\/f14f9548cfce1bfc4b3267434069a757db9568e455121a8852ede019c83b3b5e?s=96&d=mm&r=g","url":"https:\/\/secure.gravatar.com\/avatar\/f14f9548cfce1bfc4b3267434069a757db9568e455121a8852ede019c83b3b5e?s=96&d=mm&r=g","height":96,"width":96}},"publisher":{"@type":"Organization","name":"froeschl.cz","logo":{"@type":"ImageObject","@id":"\/logo.png","url":"\/logo.png","width":600,"height":60}},"image":{"@type":"ImageObject","@id":"https:\/\/www.froeschl.cz\/wp-content\/uploads\/img_a325220_w2287_t1537088348.jpg","url":"https:\/\/www.froeschl.cz\/wp-content\/uploads\/img_a325220_w2287_t1537088348.jpg","height":0,"width":0},"url":"https:\/\/www.froeschl.cz\/je-hrozne-dulezite-myslet-take-na-sebe\/","wordCount":436,"articleBody":"Spole\u010dnost a na\u0161e okol\u00ed od n\u00e1s o\u010dek\u00e1v\u00e1, \u017ee ze sebe budeme d\u00e1vat maximum pro ostatn\u00ed. A\u0165 u\u017e je to na\u0161e pr\u00e1ce, \u0161kola nebo klidn\u011b i z\u00e1jmov\u00e1 skupina. V\u0161ichni \u010dekaj\u00ed, \u017ee kdy\u017e se do n\u011b\u010deho zapoj\u00edte, budete d\u00e1vat sv\u00e9 maximum a v\u017edy tam budete pro druh\u00e9. Mohou se na v\u00e1s v\u017edy spolehnout. N\u011bkdy se ale t\u011b\u017eko d\u00e1v\u00e1 z n\u011b\u010deho, co u\u017e nen\u00ed. M\u016f\u017eete se tak naj\u00edt n\u011bkde mezi syndromem vyho\u0159en\u00ed a kone\u010dn\u00fdm kolapsem. Vysok\u00e9 n\u00e1roky n\u00e1s doh\u00e1n\u011bj\u00ed n\u011bkdy a\u017e ke strastipln\u00fdm konc\u016fm. Pro\u010d? Proto\u017ee valn\u00e1 v\u011bt\u0161ina lid\u00ed se opravdu sna\u017e\u00ed ud\u011blat sv\u00e9 maximum. Takhle to ale v \u017eivot\u011b d\u011blat nejde. Vy byste nejen m\u011bli myslet tak\u00e9 na sebe, ale vy na sebe myslet MUS\u00cdTE. Jinak se tak\u00e9 stane, \u017ee se ve zm\u011bti v\u0161ech okoln\u00edch starost\u00ed zapomenete na tu va\u0161i prim\u00e1rn\u00ed starost \u2013 o va\u0161e j\u00e1.&#13; V\u0161echno to zn\u00ed abstraktn\u011b&#13; Neust\u00e1le si \u0159\u00edk\u00e1te, jak budete d\u011blat spoustu v\u011bc\u00ed, a\u017e bude \u010das. A\u017e budou pen\u00edze. T\u011b\u0161\u00edte se, jak si na star\u00e9 kolena postav\u00edte se sv\u00fdm partnerem d\u016fm a budete kone\u010dn\u011b relaxovat. Jenom\u017ee m\u016f\u017ee se st\u00e1t, \u017ee v\u00e1s vyhod\u00ed z pr\u00e1ce nebo \u017ee partner um\u0159e. A co te\u010f? M\u00e1te k va\u0161\u00ed vysn\u011bn\u00e9 realit\u011b daleko jako nikdy p\u0159edt\u00edm a nem\u016f\u017eete s t\u00edm nic d\u011blat. Neust\u00e1le posouv\u00e1me sv\u00e9 vlastn\u00ed dobro n\u011bkde do budoucna, ani\u017e bychom mysleli na p\u0159\u00edtomnost. A to je ta nejv\u011bt\u0161\u00ed chyba. Proto\u017ee nev\u00edme, jestli ta vysn\u011bn\u00e1 budoucnost v\u016fbec p\u0159ijde.&#13; Je d\u016fle\u017eit\u00e9 jednat hned&#13;  klade na srdce v\u0161em, aby uspokojovali o\u010dek\u00e1v\u00e1n\u00ed sv\u00e9ho okol\u00ed co mo\u017en\u00e1 nejv\u00edce. D\u016fle\u017eit\u00e9 je ale tak\u00e9 chopit se p\u0159\u00edle\u017eitosti ud\u011blat n\u011bco pro sebe. Nemus\u00ed to b\u00fdt zrovna dvoum\u011bs\u00ed\u010dn\u00ed dovolen\u00e1, ale jsou to i mal\u00e9 v\u011bci, kter\u00e9 n\u00e1m d\u011blaj\u00ed radost. C\u00edlem je, a\u0165 u\u017e je to jakkoliv mal\u00e9 pot\u011b\u0161en\u00ed, abyste do toho \u0161li. Pokud m\u00e1te na v\u00fdb\u011br, rozhodn\u011bte se alespo\u0148 jedenkr\u00e1t denn\u011b pro tu mo\u017enost, kter\u00e1 ud\u011bl\u00e1 radost pr\u00e1v\u011b v\u00e1m. Sami uvid\u00edte, \u017ee pokud budete na prvn\u00ed m\u00edsto d\u00e1vat tak\u00e9 sebe, jak moc se v\u00e1m bude dob\u0159e d\u00fdchat.                                                                                                                                                                                                                                                                                                                                                                                        4.5\/5 - (11 votes)        "},{"@context":"https:\/\/schema.org\/","@type":"BreadcrumbList","itemListElement":[{"@type":"ListItem","position":1,"name":"Je hrozn\u011b d\u016fle\u017eit\u00e9 myslet tak\u00e9 na sebe","item":"https:\/\/www.froeschl.cz\/je-hrozne-dulezite-myslet-take-na-sebe\/#breadcrumbitem"}]}]