[{"@context":"https:\/\/schema.org\/","@type":"Article","@id":"https:\/\/www.froeschl.cz\/klid-domova-je-tim-nejkrasnejsim\/#Article","mainEntityOfPage":"https:\/\/www.froeschl.cz\/klid-domova-je-tim-nejkrasnejsim\/","headline":"Klid domova je t\u00edm nejkr\u00e1sn\u011bj\u0161\u00edm","name":"Klid domova je t\u00edm nejkr\u00e1sn\u011bj\u0161\u00edm","description":"Ka\u017ed\u00fd \u010dlov\u011bk stra\u0161n\u011b sn\u00ed o tom, aby prost\u011b m\u011bl d\u016fm. Kdo by ur\u010dit\u011b necht\u011bl m\u00edt d\u016fm? Proto\u017ee d\u016fm je vlastn\u011b t\u00edm nejkr\u00e1sn\u011bj\u0161\u00edm pro n\u00e1\u0161 \u017eivot. Mn\u011b se stra\u0161n\u011b l\u00edb\u00ed, kdy\u017e prost\u011b p\u0159ijdu dom\u016f a najednou c\u00edt\u00edm ten klid a tu pohodu. Proto\u017ee opravdu od toho ten d\u016fm je. A pokud to tak c\u00edt\u00edte jako j\u00e1,&#46;&#46;&#46;","datePublished":"2023-07-17","dateModified":"2023-07-17","author":{"@type":"Person","@id":"https:\/\/www.froeschl.cz\/author\/#Person","name":"","url":"https:\/\/www.froeschl.cz\/author\/","identifier":1,"image":{"@type":"ImageObject","@id":"https:\/\/secure.gravatar.com\/avatar\/f14f9548cfce1bfc4b3267434069a757db9568e455121a8852ede019c83b3b5e?s=96&d=mm&r=g","url":"https:\/\/secure.gravatar.com\/avatar\/f14f9548cfce1bfc4b3267434069a757db9568e455121a8852ede019c83b3b5e?s=96&d=mm&r=g","height":96,"width":96}},"publisher":{"@type":"Organization","name":"froeschl.cz","logo":{"@type":"ImageObject","@id":"\/logo.png","url":"\/logo.png","width":600,"height":60}},"image":{"@type":"ImageObject","@id":"https:\/\/www.froeschl.cz\/wp-content\/uploads\/home-7570048_1280_7.jpg","url":"https:\/\/www.froeschl.cz\/wp-content\/uploads\/home-7570048_1280_7.jpg","height":0,"width":0},"url":"https:\/\/www.froeschl.cz\/klid-domova-je-tim-nejkrasnejsim\/","about":["D\u016fm"],"wordCount":465,"articleBody":"Ka\u017ed\u00fd \u010dlov\u011bk stra\u0161n\u011b sn\u00ed o tom, aby prost\u011b m\u011bl d\u016fm. Kdo by ur\u010dit\u011b necht\u011bl m\u00edt d\u016fm? Proto\u017ee d\u016fm je vlastn\u011b t\u00edm nejkr\u00e1sn\u011bj\u0161\u00edm pro n\u00e1\u0161 \u017eivot. Mn\u011b se stra\u0161n\u011b l\u00edb\u00ed, kdy\u017e prost\u011b p\u0159ijdu dom\u016f a najednou c\u00edt\u00edm ten klid a tu pohodu. Proto\u017ee opravdu od toho ten d\u016fm je. A pokud to tak c\u00edt\u00edte jako j\u00e1, tak v\u011b\u0159te, \u017ee jste opravdu na spr\u00e1vn\u00e9m m\u00edst\u011b. Ka\u017ed\u00fd \u010dlov\u011bk by m\u011bl toti\u017e c\u00edtit to, kdy\u017e prost\u011b p\u0159ijdete dom\u016f a c\u00edt\u00edte ten klid, tu pohodu, a to kr\u00e1sn\u00e9 sn\u011bn\u00ed, a to v\u0161echno kolem. Proto\u017ee jak c\u00edt\u00edte tuhle kr\u00e1snou v\u011bc, \u017ee p\u0159ijdete dom\u016f a c\u00edt\u00edte tam to velk\u00e9 p\u0159\u00e1telstv\u00ed, tu l\u00e1sku t\u011bch druh\u00fdch lid\u00ed, ten klid a pohodu, tak to je opravdu n\u011bco nejkr\u00e1sn\u011bj\u0161\u00edho. Proto\u017ee to je nejv\u011bt\u0161\u00ed dar, kter\u00fd \u010dlov\u011bk prost\u011b v \u017eivot\u011b m\u016f\u017ee dostat, takov\u00fd kr\u00e1sn\u00fd d\u00e1rek n\u00e1m prost\u011b ten d\u016fm d\u00e1v\u00e1. Proto si ho mus\u00edme nejv\u00edc v \u017eivot\u011b v\u00e1\u017eit, proto\u017ee kdy\u017e jsme t\u0159eba v pr\u00e1ci, tak tam u\u017e takov\u00fd ten klid nemus\u00edme c\u00edtit jako doma. Proto\u017ee opravdu d\u016fm je n\u011bco jin\u00e9ho a lze \u00fapln\u011b jinak ch\u00e1pat. Samoz\u0159ejm\u011b ka\u017ed\u00fd \u010dlov\u011bk to m\u016f\u017ee vid\u011bt t\u0159eba \u00fapln\u011b jin\u00fdm pohledem a \u00fapln\u011b z jin\u00e9ho \u00fahlu pohledu. Proto\u017ee opravdu ka\u017ed\u00fd \u010dlov\u011bk \u017eivot \u017eije jinak. N\u011bkomu m\u016f\u017ee p\u0159ipadat, kdy\u017e u\u017e je t\u0159eba \u010dasto doma a je doma \u010dasto zav\u0159en\u00fd, \u017ee prost\u011b u\u017e to \u010dlov\u011bka nenapl\u0148uje, u\u017e je to takov\u00e9 nep\u0159irozen\u00e9 a chcete rad\u0161i n\u011bkam vypadnout. Ale na druhou stranu zase n\u011bkdo to vn\u00edm\u00e1 \u00fapln\u011b jinak a je spokojen\u00fd, doma m\u00e1 ten klid a tu pohodu. Opravdu je n\u011bkdy d\u016fle\u017eit\u00e9 se prost\u011b zamyslet nad t\u00edm, hlavn\u011b co m\u00e1te nejv\u00edc r\u00e1di, proto\u017ee \u010dlov\u011bk mus\u00ed d\u011blat to, co m\u00e1 v \u017eivot\u011b prost\u011b r\u00e1d. A pokud v\u00e1m vyhovuje b\u00fdt v\u00edc doma, tak bu\u010fte doma. Pokud nechcete b\u00fdt v\u00edc doma a chcete se n\u011bkam jet pod\u00edvat, chcete jezdit po v\u00fdletech, tak samoz\u0159ejm\u011b je to opravdu na va\u0161em zv\u00e1\u017een\u00ed. Ka\u017ed\u00fd \u010dlov\u011bk si prost\u011b sv\u016fj \u017eivot mus\u00ed za\u0159\u00eddit tak, aby opravdu fungoval. A proto je v\u0161echno opravdu na v\u00e1s. A jak\u00e9 si to ud\u011bl\u00e1te, takov\u00e9 to budete m\u00edt.\u00a0                                                                                                                                                                                                                                                                                                                                                                                        4.4\/5 - (7 votes)        "},{"@context":"https:\/\/schema.org\/","@type":"BreadcrumbList","itemListElement":[{"@type":"ListItem","position":1,"name":"Klid domova je t\u00edm nejkr\u00e1sn\u011bj\u0161\u00edm","item":"https:\/\/www.froeschl.cz\/klid-domova-je-tim-nejkrasnejsim\/#breadcrumbitem"}]}]