[{"@context":"https:\/\/schema.org\/","@type":"Article","@id":"https:\/\/www.froeschl.cz\/milujeme-barvy\/#Article","mainEntityOfPage":"https:\/\/www.froeschl.cz\/milujeme-barvy\/","headline":"Milujeme barvy","name":"Milujeme barvy","description":"Za vesnic\u00ed na kraji lesa stoj\u00ed domek. B\u00edl\u00e9 zdi, \u010derven\u00e1 st\u0159echa a okna lemuje tmav\u011b hn\u011bd\u00e1. Kdy\u017e vejdeme do domku, zjist\u00edme, \u017ee ka\u017ed\u00fd pokoj je lad\u011bn\u00fd do jin\u00e9 barvy. Z p\u0159eds\u00edn\u011b s tmav\u011b zelen\u00fdm kobercem a sv\u011btle zelen\u00fdmi st\u011bnami vedou dve\u0159e do t\u0159\u00ed pokoj\u016f, kuchyn\u011b a koupelny s WC. Ob\u00fdvac\u00edmu pokoji v\u00e9vod\u00ed tmav\u011b \u010derven\u00fd a\u017e&#46;&#46;&#46;","datePublished":"2022-05-14","dateModified":"2023-06-07","author":{"@type":"Person","@id":"https:\/\/www.froeschl.cz\/author\/#Person","name":"","url":"https:\/\/www.froeschl.cz\/author\/","identifier":1,"image":{"@type":"ImageObject","@id":"https:\/\/secure.gravatar.com\/avatar\/f14f9548cfce1bfc4b3267434069a757db9568e455121a8852ede019c83b3b5e?s=96&d=mm&r=g","url":"https:\/\/secure.gravatar.com\/avatar\/f14f9548cfce1bfc4b3267434069a757db9568e455121a8852ede019c83b3b5e?s=96&d=mm&r=g","height":96,"width":96}},"publisher":{"@type":"Organization","name":"froeschl.cz","logo":{"@type":"ImageObject","@id":"\/logo.png","url":"\/logo.png","width":600,"height":60}},"image":{"@type":"ImageObject","@id":"https:\/\/www.froeschl.cz\/wp-content\/uploads\/closet-gf096986d9_640.png","url":"https:\/\/www.froeschl.cz\/wp-content\/uploads\/closet-gf096986d9_640.png","height":0,"width":0},"url":"https:\/\/www.froeschl.cz\/milujeme-barvy\/","about":["Zbo\u017e\u00ed"],"wordCount":405,"articleBody":"       Za vesnic\u00ed na kraji lesa stoj\u00ed domek. B\u00edl\u00e9 zdi, \u010derven\u00e1 st\u0159echa a okna lemuje tmav\u011b hn\u011bd\u00e1. Kdy\u017e vejdeme do domku, zjist\u00edme, \u017ee ka\u017ed\u00fd pokoj je lad\u011bn\u00fd do jin\u00e9 barvy. Z p\u0159eds\u00edn\u011b s tmav\u011b zelen\u00fdm kobercem a sv\u011btle zelen\u00fdmi st\u011bnami vedou dve\u0159e do t\u0159\u00ed pokoj\u016f, kuchyn\u011b a koupelny s WC. Ob\u00fdvac\u00edmu pokoji v\u00e9vod\u00ed tmav\u011b \u010derven\u00fd a\u017e rud\u00fd gau\u010d. Tmav\u011b hn\u011bd\u00fd n\u00e1bytek v\u016fbec nep\u016fsob\u00ed tmav\u011b, proto\u017ee pokoj je vymalovan\u00fd do b\u00e9\u017eova s b\u00edl\u00fdm stropem a na \u010derven\u00e9m gau\u010di jsou b\u00edl\u00e9 pol\u0161t\u00e1\u0159ky. V lo\u017enici najdeme obrovskou b\u00edlou man\u017eelskou postel a pod\u00e9l zd\u00ed jsou sv\u011btle \u0161ed\u00e9 https:\/\/sten-skrine.cz\/svetle-seda-u708 vestav\u011bn\u00e9 sk\u0159\u00edn\u011b s tmav\u011b \u0161ed\u00fdm lemov\u00e1n\u00edm. \u0160ed\u00e1 barva dod\u00e1v\u00e1 lo\u017enici eleganci a pocit klidu.Nejbarevn\u011bj\u0161\u00ed je d\u011btsk\u00fd pokoj. Oran\u017eovou a sv\u011btle modrou jsou vymalovan\u00e9 st\u011bny a na nich jsou v nejr\u016fzn\u011bj\u0161\u00edch barv\u00e1ch poli\u010dky a sk\u0159\u00ed\u0148ky. P\u016fsob\u00ed to hrav\u011b a d\u011btem se v takov\u00e9m pokoji mus\u00ed kr\u00e1sn\u011b bydlet. Ani kuchyni se barvy nevyhnuly. Tmav\u011b modr\u00e1 kuchy\u0148sk\u00e1 linka, za kterou jsou tmav\u011b modr\u00e9 kachli\u010dky s punt\u00edky a sk\u0159\u00ed\u0148ky z t\u0159e\u0161\u0148ov\u00e9ho d\u0159eva. A uprost\u0159ed velk\u00fd st\u016fl, na kter\u00e9m je modrotiskov\u00fd ubrus. Zapomenout nesm\u00edme ani na koupelnu a WC, kterou majitel\u00e9 domu vyladili do r\u016f\u017eov\u00e9 barvy a k n\u00ed po\u0159\u00eddili sklen\u011bn\u00e9 a chromovan\u00e9 poli\u010dky a b\u00edlou sk\u0159\u00ed\u0148ku se zrcadlem. Ka\u017ed\u00fd dopln\u011bk v dom\u011b je lad\u011bn\u00fd v\u017edy do barvy pokoje a t\u00edm vytvo\u0159\u00ed jeho ned\u00edlnou sou\u010d\u00e1st. Z domu vyjdete na zahradu, kde roste zelen\u00e1 tr\u00e1va a stromy v\u0161ech odst\u00edn\u016f zelen\u00e9. Na z\u00e1honc\u00edch dozr\u00e1vaj\u00ed \u010derven\u00e9 jahody, tmav\u011b fialov\u00e9 bor\u016fvky a ostru\u017einy. R\u00e1no vych\u00e1z\u00ed na prot\u011bj\u0161\u00edm kopcem oran\u017eov\u00e9 slunce, kter\u00e9 se rychle zbarv\u00ed do \u017elut\u00e9. Ob\u010das se p\u0159i\u017eenou \u010dern\u00e9 mraky a spust\u00ed se bou\u0159ka, ale po de\u0161ti se \u010dasto nad obzorem objev\u00ed duha, se v\u0161emi sv\u00fdmi barvami, \u010derven\u00e1, oran\u017eov\u00e1, \u017elut\u00e1, zelen\u00e1, tyrkysov\u00e1, modr\u00e1 a fialov\u00e1. Kdo by nem\u011bl r\u00e1d barvy, kter\u00fdch je kolem n\u00e1s nekone\u010dn\u00e9 mno\u017estv\u00ed.                                                                                                                                                                                                                                                                                                                                                                                           3.5\/5 - (4 votes)        "},{"@context":"https:\/\/schema.org\/","@type":"BreadcrumbList","itemListElement":[{"@type":"ListItem","position":1,"name":"Milujeme barvy","item":"https:\/\/www.froeschl.cz\/milujeme-barvy\/#breadcrumbitem"}]}]