[{"@context":"https:\/\/schema.org\/","@type":"Article","@id":"https:\/\/www.froeschl.cz\/nechate-deti-zariadit-si-izbu-po-svojom\/#Article","mainEntityOfPage":"https:\/\/www.froeschl.cz\/nechate-deti-zariadit-si-izbu-po-svojom\/","headline":"Nech\u00e1te deti zariadi\u0165 si izbu po svojom?","name":"Nech\u00e1te deti zariadi\u0165 si izbu po svojom?","description":"Neust\u00e1le po\u010d\u00favate iba sam\u00e9 s\u0165a\u017enosti. Prinesiete de\u0165om do izby nov\u00fa lampu a\u00a0u\u017e po\u010dujete hundranie, \u017ee oni by si k\u00fapili in\u00fa a\u00a0t\u00e1to sa im nep\u00e1\u010di. Tak im nechajte vo\u013enos\u0165! Stav\u00edme sa, \u017ee ak ich so sebou vezmete do obchodu s\u00a0n\u00e1bytkom a\u00a0nech\u00e1te ich vybera\u0165 si, \u010do by si k\u00fapili sami, kone\u010dne ich t\u00e1 n\u00e1v\u0161teva bude bavi\u0165. Nevrav\u00edme,&#46;&#46;&#46;","datePublished":"2023-12-20","dateModified":"2023-12-20","author":{"@type":"Person","@id":"https:\/\/www.froeschl.cz\/author\/#Person","name":"","url":"https:\/\/www.froeschl.cz\/author\/","identifier":1,"image":{"@type":"ImageObject","@id":"https:\/\/secure.gravatar.com\/avatar\/f14f9548cfce1bfc4b3267434069a757db9568e455121a8852ede019c83b3b5e?s=96&d=mm&r=g","url":"https:\/\/secure.gravatar.com\/avatar\/f14f9548cfce1bfc4b3267434069a757db9568e455121a8852ede019c83b3b5e?s=96&d=mm&r=g","height":96,"width":96}},"publisher":{"@type":"Organization","name":"froeschl.cz","logo":{"@type":"ImageObject","@id":"\/logo.png","url":"\/logo.png","width":600,"height":60}},"url":"https:\/\/www.froeschl.cz\/nechate-deti-zariadit-si-izbu-po-svojom\/","wordCount":240,"articleBody":"Neust\u00e1le po\u010d\u00favate iba sam\u00e9 s\u0165a\u017enosti. Prinesiete de\u0165om do izby nov\u00fa lampu a\u00a0u\u017e po\u010dujete hundranie, \u017ee oni by si k\u00fapili in\u00fa a\u00a0t\u00e1to sa im nep\u00e1\u010di. Tak im nechajte vo\u013enos\u0165! Stav\u00edme sa, \u017ee ak ich so sebou vezmete do obchodu s\u00a0n\u00e1bytkom a\u00a0nech\u00e1te ich vybera\u0165 si, \u010do by si k\u00fapili sami, kone\u010dne ich t\u00e1 n\u00e1v\u0161teva bude bavi\u0165. Nevrav\u00edme, \u017ee im m\u00e1te k\u00fapi\u0165 v\u0161etko, \u010do si zmyslia, preto\u017ee sa nedoplat\u00edte. No na in\u0161pir\u00e1ciu a\u00a0porozumenie vlastn\u00fdm potomkom to nie je zl\u00e9. Jedna z\u00a0vec\u00ed, ktor\u00fa by ur\u010dite chceli a\u00a0stoj\u00ed za zv\u00e1\u017eenie, je poschodov\u00e1 poste\u013e. Pohodln\u00fd sp\u00e1nok a\u00a0ur\u010dit\u00e1 d\u00e1vka dobrodru\u017estva pri lezen\u00ed hore sa prebud\u00ed aj v\u00a0t\u00edned\u017eeroch. Nezab\u00fadajte, \u017ee s\u00a0t\u00fdmto n\u00e1bytkom sa v\u00a0izbe uvo\u013en\u00ed miesto za jednu v\u00e1\u013eandu, \u010do nie je m\u00e1lo. Ka\u017ed\u00fd meter \u0161tvorcov\u00fd sa v\u00a0bud\u00facnosti prid\u00e1.Invest\u00edcia na dlh\u00e9 rokyMysl\u00edte si, \u017ee ak k\u00fapite poschodov\u00fa poste\u013e do detskej izby, \u010doskoro ju budete musie\u0165 vymeni\u0165 za nie\u010do v\u00e4\u010d\u0161ie? Myslite do bud\u00facnosti a\u00a0k\u00fapte univerz\u00e1lny model s\u00a0ve\u013ekos\u0165ou matracu dva metre a\u00a0nosnos\u0165ou aj dospelej osoby. Detsk\u00fd n\u00e1bytok je pekn\u00fd, no z\u00a0h\u013eadiska bud\u00facnosti dos\u0165 nepraktick\u00fd.                                                                                                                                                                                                                                                                                                                                                                                        4.1\/5 - (7 votes)        "},{"@context":"https:\/\/schema.org\/","@type":"BreadcrumbList","itemListElement":[{"@type":"ListItem","position":1,"name":"Nech\u00e1te deti zariadi\u0165 si izbu po svojom?","item":"https:\/\/www.froeschl.cz\/nechate-deti-zariadit-si-izbu-po-svojom\/#breadcrumbitem"}]}]