[{"@context":"https:\/\/schema.org\/","@type":"Article","@id":"https:\/\/www.froeschl.cz\/nejoblibenejsi-ucesy-vcera-a-dnes\/#Article","mainEntityOfPage":"https:\/\/www.froeschl.cz\/nejoblibenejsi-ucesy-vcera-a-dnes\/","headline":"Nejobl\u00edben\u011bj\u0161\u00ed \u00fa\u010desy v\u010dera a dnes","name":"Nejobl\u00edben\u011bj\u0161\u00ed \u00fa\u010desy v\u010dera a dnes","description":"\u017deny maj\u00ed tolik mo\u017enost\u00ed k tomu, jak ze sebe ud\u011blat naprosto neoby\u010dejn\u00e9 bytosti a sta\u010d\u00ed jim k tomu pouze to, co maj\u00ed na sob\u011b denn\u011b. Chloubou ka\u017ed\u00e9 \u017eeny jsou jej\u00ed vlasy, kter\u00e9 jsou samy o sob\u011b v\u00fdjime\u010dn\u00e9 a u v\u0161ech \u017een se li\u0161\u00ed. Jedno v\u0161ak maj\u00ed \u017eeny spole\u010dn\u00e9 \u2013 a to, \u017ee s nimi m\u016f\u017eou&#46;&#46;&#46;","datePublished":"2023-06-07","dateModified":"2023-06-07","author":{"@type":"Person","@id":"https:\/\/www.froeschl.cz\/author\/#Person","name":"","url":"https:\/\/www.froeschl.cz\/author\/","identifier":1,"image":{"@type":"ImageObject","@id":"https:\/\/secure.gravatar.com\/avatar\/f14f9548cfce1bfc4b3267434069a757db9568e455121a8852ede019c83b3b5e?s=96&d=mm&r=g","url":"https:\/\/secure.gravatar.com\/avatar\/f14f9548cfce1bfc4b3267434069a757db9568e455121a8852ede019c83b3b5e?s=96&d=mm&r=g","height":96,"width":96}},"publisher":{"@type":"Organization","name":"froeschl.cz","logo":{"@type":"ImageObject","@id":"\/logo.png","url":"\/logo.png","width":600,"height":60}},"image":{"@type":"ImageObject","@id":"https:\/\/www.froeschl.cz\/wp-content\/uploads\/img_a336782_w2151_t1550073673.jpg","url":"https:\/\/www.froeschl.cz\/wp-content\/uploads\/img_a336782_w2151_t1550073673.jpg","height":0,"width":0},"url":"https:\/\/www.froeschl.cz\/nejoblibenejsi-ucesy-vcera-a-dnes\/","wordCount":471,"articleBody":"\u017deny maj\u00ed tolik mo\u017enost\u00ed k tomu, jak ze sebe ud\u011blat naprosto neoby\u010dejn\u00e9 bytosti a sta\u010d\u00ed jim k tomu pouze to, co maj\u00ed na sob\u011b denn\u011b. Chloubou ka\u017ed\u00e9 \u017eeny jsou jej\u00ed vlasy, kter\u00e9 jsou samy o sob\u011b v\u00fdjime\u010dn\u00e9 a u v\u0161ech \u017een se li\u0161\u00ed. Jedno v\u0161ak maj\u00ed \u017eeny spole\u010dn\u00e9 \u2013 a to, \u017ee s nimi m\u016f\u017eou d\u011blat \u00fa\u010desy, kter\u00e9 jim na kr\u00e1se pouze p\u0159idaj\u00ed a nikdy nevyjdou z m\u00f3dy.\tZapleten\u00e9 vlasyKouzlo zapleten\u00fdch vlas\u016f spo\u010d\u00edv\u00e1 ve spr\u00e1vn\u00e9m proveden\u00ed jednotliv\u00fdch pramen\u016f. Tento \u00fa\u010des byl popul\u00e1rn\u00ed u\u017e v minulosti a jeho trv\u00e1n\u00ed na prvn\u00edch p\u0159\u00ed\u010dk\u00e1ch kr\u00e1sn\u00fdch \u00fa\u010des\u016f, se udr\u017eelo dodnes. Zapl\u00e9st si vlasy do cul\u00edk\u016f m\u016f\u017eete jakkoliv jen chcete. Existuje \u0159ada dokonal\u00fdch variac\u00ed, kter\u00e9 m\u016f\u017eete po\u0159\u00e1d st\u0159\u00eddat a sou\u010dasn\u011b si udr\u017eet vlasy po\u0159\u00e1d upraven\u00e9 a vypadat stylov\u011b.Tento \u00fa\u010des je nesm\u00edrn\u011b popul\u00e1rn\u00ed i d\u00edky tomu, \u017ee je velmi praktick\u00fd a nep\u016fsob\u00ed f\u00e1dn\u011b. Jeho b\u00e1je\u010dnou str\u00e1nku ocen\u00ed nejen mlad\u00e9 holky, ale i \u017eeny, kter\u00e9 se m\u016f\u017eou chlubit t\u00edm, \u017ee maj\u00ed \u201ebohatou\u201c h\u0159\u00edvu a dlouh\u00e9 zdrav\u00e9 vlasy. A je \u00fapln\u011b jedno, kolik jim je let, slu\u0161\u00ed jednodu\u0161e ka\u017ed\u00e9!\tVlny vedou v\u017edy!U\u017e dlouh\u00e1 l\u00e9ta se mluv\u00ed o tom, jak jsou kudrnat\u00e9 vlasy t\u00edm nejvz\u00e1cn\u011bj\u0161\u00edm, co \u017eenu mohlo v oblasti kr\u00e1sy potkat. P\u0159eje si jich m\u00edt ka\u017ed\u00e1 a na\u0161t\u011bst\u00ed je ka\u017ed\u00e1 m\u016f\u017ee i m\u00edt \u2013 alespo\u0148 do\u010dasn\u011b. Ov\u0161em i p\u0159irozen\u011b vlnit\u00e9 vlasy nejsou n\u00e1dhern\u00e9, pokud jim nev\u011bnujeme pozornost a nestar\u00e1me se o to, aby vypadaly \u00fachvatn\u011b. Je d\u016fle\u017eit\u00e9 jich nejen \u010dasto roz\u010des\u00e1vat, abyste zabr\u00e1nily tomu, \u017ee se v\u00e1m budou motat do jedn\u00e9 nehezk\u00e9 hromady, ale dop\u0159\u00e1t jim i p\u0159\u00edpravky, d\u00edky kter\u00e9m budou v\u017edy upraven\u00e9 a sv\u016fdn\u00e9.V p\u0159\u00edpad\u011b, \u017ee m\u00e1te odjak\u017eiva rovn\u00e9 vlasy, nev\u00e1hejte pou\u017e\u00edt nat\u00e1\u010dky nebo kulmu, kter\u00e1 je v tomto sm\u011bru b\u00e1je\u010dnou pom\u016fckou. K dosa\u017een\u00ed perfektn\u00edch a hust\u00fdch vlas\u016f, kter\u00e9 budou vlnit\u00e9, se d\u00edky n\u00ed dopracujete naprosto hrav\u011b a snadno.\u2022\u00a0\u00a0\u00a0\u00a0\u00a0\u00a0 V posledn\u00edch letech se do\u010dkal uzn\u00e1n\u00ed i \u00fa\u010des, kdy si vlasy spoj\u00edte v\u0161echny do jedn\u00e9 hromady. \u0158\u00edk\u00e1 se mu drdol a v\u011b\u0159te tomu, \u017ee i ten je nutn\u00e9 upravit a p\u0159iv\u00e9st k dokonalosti. Ten se hod\u00ed p\u0159edev\u0161\u00edm na r\u016fzn\u00e9 spole\u010densk\u00e9 ud\u00e1losti a velkou oblibu si z\u00edskal p\u0159edev\u0161\u00edm v letn\u00edm obdob\u00ed, kdy \u017e\u00e1dn\u00e1 \u017eena netou\u017e\u00ed po tom, aby se j\u00ed vlasy potily.                                                                                                                                                                                                                                                                                                                                                                                        3.3\/5 - (11 votes)        "},{"@context":"https:\/\/schema.org\/","@type":"BreadcrumbList","itemListElement":[{"@type":"ListItem","position":1,"name":"Nejobl\u00edben\u011bj\u0161\u00ed \u00fa\u010desy v\u010dera a dnes","item":"https:\/\/www.froeschl.cz\/nejoblibenejsi-ucesy-vcera-a-dnes\/#breadcrumbitem"}]}]