[{"@context":"https:\/\/schema.org\/","@type":"Article","@id":"https:\/\/www.froeschl.cz\/prakticka-elektricka-pomucka\/#Article","mainEntityOfPage":"https:\/\/www.froeschl.cz\/prakticka-elektricka-pomucka\/","headline":"Praktick\u00e1 elektrick\u00e1 pom\u016fcka","name":"Praktick\u00e1 elektrick\u00e1 pom\u016fcka","description":"Zahr\u00e1dka n\u00e1s n\u011bkdy velmi mile p\u0159ekvap\u00ed svoj\u00ed \u00farodou. Sklize\u0148, kter\u00e1 se stala pro na\u0161e o\u010di jistou pastvou je opravdu n\u011bkdy tak velk\u00e1, \u017ee krom\u011b zava\u0159en\u00ed nebo zmra\u017een\u00ed n\u00e1s najednou nenapad\u00e1 \u017e\u00e1dn\u00e9 dal\u0161\u00ed vyu\u017eit\u00ed. Ano je mo\u017en\u00e9 ud\u011blat marmel\u00e1du, kompot a podobn\u011b. Av\u0161ak tyto varianty zaberou spoustu \u010dasu a tak\u00e9 m\u00edsta. Komora, tedy \u201e\u0161pajz\u201c to je&#46;&#46;&#46;","datePublished":"2023-06-07","dateModified":"2023-06-07","author":{"@type":"Person","@id":"https:\/\/www.froeschl.cz\/author\/#Person","name":"","url":"https:\/\/www.froeschl.cz\/author\/","identifier":1,"image":{"@type":"ImageObject","@id":"https:\/\/secure.gravatar.com\/avatar\/f14f9548cfce1bfc4b3267434069a757db9568e455121a8852ede019c83b3b5e?s=96&d=mm&r=g","url":"https:\/\/secure.gravatar.com\/avatar\/f14f9548cfce1bfc4b3267434069a757db9568e455121a8852ede019c83b3b5e?s=96&d=mm&r=g","height":96,"width":96}},"publisher":{"@type":"Organization","name":"froeschl.cz","logo":{"@type":"ImageObject","@id":"\/logo.png","url":"\/logo.png","width":600,"height":60}},"image":{"@type":"ImageObject","@id":"https:\/\/www.froeschl.cz\/wp-content\/uploads\/img_a312611_w2583_t1523435049.jpg","url":"https:\/\/www.froeschl.cz\/wp-content\/uploads\/img_a312611_w2583_t1523435049.jpg","height":0,"width":0},"url":"https:\/\/www.froeschl.cz\/prakticka-elektricka-pomucka\/","wordCount":395,"articleBody":"Zahr\u00e1dka n\u00e1s n\u011bkdy velmi mile p\u0159ekvap\u00ed svoj\u00ed \u00farodou. Sklize\u0148, kter\u00e1 se stala pro na\u0161e o\u010di jistou pastvou je opravdu n\u011bkdy tak velk\u00e1, \u017ee krom\u011b zava\u0159en\u00ed nebo zmra\u017een\u00ed n\u00e1s najednou nenapad\u00e1 \u017e\u00e1dn\u00e9 dal\u0161\u00ed vyu\u017eit\u00ed. Ano je mo\u017en\u00e9 ud\u011blat marmel\u00e1du, kompot a podobn\u011b. Av\u0161ak tyto varianty zaberou spoustu \u010dasu a tak\u00e9 m\u00edsta. Komora, tedy \u201e\u0161pajz\u201c to je v\u011bt\u0161inou mal\u00e1 m\u00edstnost. Mraz\u00edc\u00ed prostory tak\u00e9 nejsou nekone\u010dn\u00e9. Proto se nab\u00edz\u00ed jin\u00e1 zaj\u00edmav\u00e1 forma vyu\u017eit\u00ed v\u010detn\u011b uskladn\u011bn\u00ed. A to zcela jednoduch\u00fdm a nav\u00edc rychl\u00fdm procesem \u2013 su\u0161en\u00edm v\u00a0su\u0161i\u010dce, kter\u00e1 se stala velmi obl\u00edben\u00fdm produktem na trhu.\u00a0Jde to i jinak?Jist\u011b, je mo\u017en\u00e9 vyu\u017e\u00edt su\u0161en\u00ed v\u00a0troub\u011b nebo u topen\u00ed. Av\u0161ak v\u00a0t\u011bchto p\u0159\u00edpadech hroz\u00ed to, \u017ee dan\u00e1 \u00faroda nebude zcela vysu\u0161ena ani po n\u011bkolika dnech nebo dokonce t\u00fddnech. A p\u0159esto \u017ee \u201ena oko\u201c vypad\u00e1 velmi dob\u0159e, tak bohu\u017eel to tak nen\u00ed a mohou se objevit r\u016fzn\u00e9 pl\u00edsn\u011b. V\u00a0tomto p\u0159\u00edpad\u011b nepom\u016f\u017ee ani to nejlep\u0161\u00ed skladov\u00e1n\u00ed v\u00a0pevn\u011b uzav\u0159en\u00fdch n\u00e1dob\u00e1ch.\u00a0\u0160irok\u00fd v\u00fdb\u011br!V\u00fdb\u011br elektrick\u00fdch su\u0161i\u010dek je velmi zaj\u00edmav\u00fd. Jsou to typy, kter\u00e9 se rozli\u0161uj\u00ed svoj\u00ed hlavn\u00ed p\u0159ednost\u00ed.\u00b7\u00a0\u00a0\u00a0\u00a0\u00a0\u00a0\u00a0\u00a0 S\u00a0\u010dasov\u00fdm intervalem\u00b7\u00a0\u00a0\u00a0\u00a0\u00a0\u00a0\u00a0\u00a0 S\u00a0nastavitelnou teplotou\u00b7\u00a0\u00a0\u00a0\u00a0\u00a0\u00a0\u00a0\u00a0 S\u00a0r\u016fzn\u00fdm elektrick\u00fdm v\u00fdkonemKa\u017ed\u00e1 z\u00a0t\u011bchto typ\u016f slou\u017e\u00ed pro su\u0161en\u00ed jak\u00e9koliv zeleniny, ovoce, bylinek nebo dokonce nasb\u00edran\u00fdch hub. Tak\u017ee ka\u017ed\u00fd druh je nutn\u00e9 nakr\u00e1jet na tenk\u00e9 kousky nebo pl\u00e1tky, proto\u017ee pak doch\u00e1z\u00ed k\u00a0procesu kandov\u00e1n\u00ed, tedy vysu\u0161en\u00ed. Takov\u00e1 forma potravin si zachov\u00e1v\u00e1 vitaminy, kter\u00e9 jsou bez chemick\u00fdch konzervant\u016f. Co\u017e ocen\u00ed nejen d\u011bti, ale i my dosp\u011bl\u00ed.\u00a0Praktick\u00e9 elektrick\u00e9 su\u0161i\u010dky jsou opravdu cenn\u00fdm pomocn\u00edkem. Nav\u00edc po finan\u010dn\u00ed str\u00e1nce se nejedn\u00e1 o \u017e\u00e1dnou katastrofu, proto\u017ee po\u0159izovac\u00ed n\u00e1klady nejsou nijak n\u00e1ro\u010dn\u00e9. Cena su\u0161i\u010dek se za\u010d\u00edn\u00e1 pohybovat zhruba od 800 K\u010d. Proto s\u00a0n\u00e1kupem neot\u00e1lejte. Tento \u0159ekn\u011bme netypick\u00fd elektrick\u00fd pomocn\u00edk si rychle zamilujete a pom\u016f\u017ee v\u00e1m nejen v\u00a0sezon\u011b.                                                                                                                                                                                                                                                                                                                                                                                        4.6\/5 - (7 votes)        "},{"@context":"https:\/\/schema.org\/","@type":"BreadcrumbList","itemListElement":[{"@type":"ListItem","position":1,"name":"Praktick\u00e1 elektrick\u00e1 pom\u016fcka","item":"https:\/\/www.froeschl.cz\/prakticka-elektricka-pomucka\/#breadcrumbitem"}]}]