[{"@context":"https:\/\/schema.org\/","@type":"Article","@id":"https:\/\/www.froeschl.cz\/prodej-as\/#Article","mainEntityOfPage":"https:\/\/www.froeschl.cz\/prodej-as\/","headline":"Prodej as","name":"Prodej as","description":"Prodej asV\u00e1m mo\u017en\u00e1 nen\u00ed p\u0159\u00edli\u0161 zn\u00e1m\u00fd term\u00edn. Nicm\u00e9n\u011b to neznamen\u00e1, \u017ee pokud n\u011bco nezn\u00e1te, nem\u016f\u017ee V\u00e1m to b\u00fdt u\u017eite\u010dn\u00e9\u2026 Je pravdou, \u017ee p\u0159\u00edli\u0161 lid\u00ed tento zp\u016fsob zakl\u00e1d\u00e1n\u00ed firem nezn\u00e1. Mo\u017en\u00e1 je tedy na \u010dase se o n\u011bm zm\u00ednit a trochu jej p\u0159edstavit. P\u0159i zalo\u017een\u00ed vlastn\u00ed firmy za\u017eijete toti\u017e mnoho starost\u00ed, \u00fa\u0159edn\u00edch vy\u0159izov\u00e1n\u00ed a dal\u0161\u00ed. U\u017e&#46;&#46;&#46;","datePublished":"2025-01-18","dateModified":"2025-01-18","author":{"@type":"Person","@id":"https:\/\/www.froeschl.cz\/author\/#Person","name":"","url":"https:\/\/www.froeschl.cz\/author\/","identifier":1,"image":{"@type":"ImageObject","@id":"https:\/\/secure.gravatar.com\/avatar\/f14f9548cfce1bfc4b3267434069a757db9568e455121a8852ede019c83b3b5e?s=96&d=mm&r=g","url":"https:\/\/secure.gravatar.com\/avatar\/f14f9548cfce1bfc4b3267434069a757db9568e455121a8852ede019c83b3b5e?s=96&d=mm&r=g","height":96,"width":96}},"publisher":{"@type":"Organization","name":"froeschl.cz","logo":{"@type":"ImageObject","@id":"\/logo.png","url":"\/logo.png","width":600,"height":60}},"url":"https:\/\/www.froeschl.cz\/prodej-as\/","wordCount":237,"articleBody":"Prodej asV\u00e1m mo\u017en\u00e1 nen\u00ed p\u0159\u00edli\u0161 zn\u00e1m\u00fd term\u00edn. Nicm\u00e9n\u011b to neznamen\u00e1, \u017ee pokud n\u011bco nezn\u00e1te, nem\u016f\u017ee V\u00e1m to b\u00fdt u\u017eite\u010dn\u00e9\u2026 Je pravdou, \u017ee p\u0159\u00edli\u0161 lid\u00ed tento zp\u016fsob zakl\u00e1d\u00e1n\u00ed firem nezn\u00e1. Mo\u017en\u00e1 je tedy na \u010dase se o n\u011bm zm\u00ednit a trochu jej p\u0159edstavit. P\u0159i zalo\u017een\u00ed vlastn\u00ed firmy za\u017eijete toti\u017e mnoho starost\u00ed, \u00fa\u0159edn\u00edch vy\u0159izov\u00e1n\u00ed a dal\u0161\u00ed.U\u017e V\u00e1s to mo\u017en\u00e1 zaujalo. Pokud tomu tak je, tak nev\u00e1hejte a zjist\u011bte si v\u00edce informac\u00ed p\u0159\u00edmo od zdroje. Pokud nem\u00e1te tolik \u010dasu, nebo si mysl\u00edte, \u017ee byste takovou v\u011bc nezvl\u00e1dli, a to nen\u00ed \u017e\u00e1dn\u00e1 ostuda, m\u00e1te tu mo\u017enost obr\u00e1tit se pr\u00e1v\u011b na prodej as, kte\u0159\u00ed V\u00e1m se v\u0161\u00edm pomohou. Nechte si poradit, neprohloup\u00edte.Mal\u00e1 rada do za\u010d\u00e1tkuMal\u00e1 rada do za\u010d\u00e1tku &#8211; nechte si poradit, nen\u00ed na tom v\u016fbec nic zl\u00e9ho, nic, za co byste se museli styd\u011bt. Je naprosto zbyte\u010dn\u00e9, abyste se b\u00e1li toho, \u017ee byste nemuseli zvl\u00e1dnout takov\u00e9 za\u0159izov\u00e1n\u00ed, kter\u00e9 n\u00e1le\u017e\u00ed odborn\u00edk\u016fm. Ne ka\u017ed\u00fd se mus\u00ed nutn\u011b vyznat ve v\u0161ech paragrafech a povinnostech, t\u00fdkaj\u00edc\u00ed se zakl\u00e1d\u00e1n\u00ed firmy nebo spole\u010dnosti. Prodej as V\u00e1m poskytne pomoc.                                                                                                                                                                                                                                                                                                                                                                                        5\/5 - (2 votes)        "},{"@context":"https:\/\/schema.org\/","@type":"BreadcrumbList","itemListElement":[{"@type":"ListItem","position":1,"name":"Prodej as","item":"https:\/\/www.froeschl.cz\/prodej-as\/#breadcrumbitem"}]}]