[{"@context":"https:\/\/schema.org\/","@type":"Article","@id":"https:\/\/www.froeschl.cz\/umela-krasa\/#Article","mainEntityOfPage":"https:\/\/www.froeschl.cz\/umela-krasa\/","headline":"Um\u011bl\u00e1 kr\u00e1sa","name":"Um\u011bl\u00e1 kr\u00e1sa","description":"Kr\u00e1sa nespo\u010d\u00edv\u00e1 jenom ve vzhledu \u010dlov\u011bka, ale kdy\u017e to tak vezmu, tak kr\u00e1sa je \u00fapln\u011b v\u0161ude kolem n\u00e1s. Sta\u010d\u00ed jenom, abyste se rozhl\u00e9dli\u00a0a uvid\u011bli byste tu kr\u00e1su kolem. Kr\u00e1sa je opravdu d\u016fle\u017eit\u00e1, ale ne ta kr\u00e1sa \u010dlov\u011bka, ale tak\u00e9 je opravdu velik\u00fd rozd\u00edl, na jakou kr\u00e1su db\u00e1te vy? Jestli db\u00e1te na kr\u00e1su vn\u011bj\u0161\u00ed? Nebo na&#46;&#46;&#46;","datePublished":"2024-02-28","dateModified":"2024-02-28","author":{"@type":"Person","@id":"https:\/\/www.froeschl.cz\/author\/#Person","name":"","url":"https:\/\/www.froeschl.cz\/author\/","identifier":1,"image":{"@type":"ImageObject","@id":"https:\/\/secure.gravatar.com\/avatar\/f14f9548cfce1bfc4b3267434069a757db9568e455121a8852ede019c83b3b5e?s=96&d=mm&r=g","url":"https:\/\/secure.gravatar.com\/avatar\/f14f9548cfce1bfc4b3267434069a757db9568e455121a8852ede019c83b3b5e?s=96&d=mm&r=g","height":96,"width":96}},"publisher":{"@type":"Organization","name":"froeschl.cz","logo":{"@type":"ImageObject","@id":"\/logo.png","url":"\/logo.png","width":600,"height":60}},"image":{"@type":"ImageObject","@id":"https:\/\/www.froeschl.cz\/wp-content\/uploads\/woman-3289372_1280_1.jpg","url":"https:\/\/www.froeschl.cz\/wp-content\/uploads\/woman-3289372_1280_1.jpg","height":0,"width":0},"url":"https:\/\/www.froeschl.cz\/umela-krasa\/","about":["Kr\u00e1sa"],"wordCount":437,"articleBody":"Kr\u00e1sa nespo\u010d\u00edv\u00e1 jenom ve vzhledu \u010dlov\u011bka, ale kdy\u017e to tak vezmu, tak kr\u00e1sa je \u00fapln\u011b v\u0161ude kolem n\u00e1s. Sta\u010d\u00ed jenom, abyste se rozhl\u00e9dli\u00a0a uvid\u011bli byste tu kr\u00e1su kolem. Kr\u00e1sa je opravdu d\u016fle\u017eit\u00e1, ale ne ta kr\u00e1sa \u010dlov\u011bka, ale tak\u00e9 je opravdu velik\u00fd rozd\u00edl, na jakou kr\u00e1su db\u00e1te vy? Jestli db\u00e1te na kr\u00e1su vn\u011bj\u0161\u00ed? Nebo na kr\u00e1su vnit\u0159n\u00ed? Kr\u00e1sa vnit\u0159n\u00ed je n\u011bco \u00fapln\u011b jin\u00e9ho ne\u017e kr\u00e1sa vn\u011bj\u0161\u00ed. J\u00e1 jsem v\u017edycky jako puber\u0165\u00e1k dbala na tu vn\u011bj\u0161\u00ed kr\u00e1su. Cht\u011bla jsi mi v\u017edycky opravdu toho nejkr\u00e1sn\u011bj\u0161\u00edho partnera. Bohu\u017eel ale m\u016fj vzhled nebyl takov\u00fd, abych pr\u00e1v\u011b si mohla dovolit takov\u00e9ho partnera, kter\u00fd by byl nejkr\u00e1sn\u011bj\u0161\u00ed a kter\u00e9ho by mi ostatn\u00ed holky z\u00e1vid\u011bly. Tohle m\u011b docela mrzelo, ale postupem \u010dasu, kdy\u017e jsem dosp\u00edvala a byla jsem v\u00edce moud\u0159ej\u0161\u00ed, tak jsem pochopila, \u017ee vzhled nen\u00ed \u00fapln\u011b v\u0161echno, \u017ee vnit\u0159n\u00ed kr\u00e1sa a tak\u00e9 charakter a povaha jsou d\u016fle\u017eit\u011bj\u0161\u00ed ne\u017e t\u0159eba to, jak mu\u017e vypad\u00e1. Cht\u011bla jsem m\u00edt n\u011bjak\u00e9ho partnera, se kter\u00fdm si budu rozum\u011bt a tak\u00e9, se kter\u00fdm budeme m\u00edt podobn\u00e9 z\u00e1jmy. Nemus\u00ed\u00a0b\u00fdt \u00fapln\u011b kr\u00e1sn\u00fd model anebo b\u00fdt n\u011bjak\u00fd opravdu p\u0159e\u0161lecht\u011bn\u00fd \u010dlov\u011bk, ale \u0159ekla jsem si, \u017ee kdy\u017e budu m\u00edt p\u0159\u00edjemn\u00e9ho partnera, se kter\u00fdm si budu rozum\u011bt, tak to bude opravdu velik\u00e9 plus. J\u00e1 v\u00edm, \u017ee se\u00a0mo\u017en\u00e1 sm\u011bjete, \u017ee jsem zm\u00ednila p\u0159e\u0161lecht\u011bn\u00fd \u010dlov\u011bk. Jenom\u017ee tohle vymyslela moje maminka a \u0159ekla, \u017ee p\u0159e\u0161lecht\u011bn\u00ed\u00a0psi anebo p\u0159e\u0161lecht\u011bn\u00ed lid\u00e9 pr\u00fd nestoj\u00ed t\u00e9m\u011b\u0159 za nic, a to nar\u00e1\u017eela hlavn\u011b na to, \u017ee kdy\u017e lid\u00e9 si nech\u00e1vaj\u00ed do sebe p\u00edchat\u00a0r\u016fzn\u00e9 v\u011bci a dal\u0161\u00ed prepar\u00e1ty, jako\u017ee chod\u00ed nap\u0159\u00edklad na n\u011bjakou plastiku a tak podobn\u011b, \u017ee se t\u0159eba nech\u00e1vaj\u00ed zv\u011bt\u0161it zadek. A\u00a0sly\u0161ela jsem, \u017ee n\u011bkdy je to opravdu hodn\u011b\u00a0nebezpe\u010dn\u00e9. J\u00e1 sama bych do toho\u00a0v\u016fbec ne\u0161la. J\u00e1 bych se b\u00e1la, \u017ee se mi potom n\u011bco stane anebo tak\u00e9 jsem sly\u0161ela, \u017ee t\u0159eba lid\u00e9 si nechaj\u00ed ods\u00e1t tuk, ale potom se jim ty tukov\u00e9 bu\u0148ky n\u011bjak spla\u0161\u00ed a potom pr\u00fd p\u0159ib\u00edraj\u00ed daleko rychleji.\u00a0                                                                                                                                                                                                                                                                                                                                                                                        3\/5 - (5 votes)        "},{"@context":"https:\/\/schema.org\/","@type":"BreadcrumbList","itemListElement":[{"@type":"ListItem","position":1,"name":"Um\u011bl\u00e1 kr\u00e1sa","item":"https:\/\/www.froeschl.cz\/umela-krasa\/#breadcrumbitem"}]}]