[{"@context":"https:\/\/schema.org\/","@type":"Article","@id":"https:\/\/www.froeschl.cz\/utulny-domov-a-vune-cistoty\/#Article","mainEntityOfPage":"https:\/\/www.froeschl.cz\/utulny-domov-a-vune-cistoty\/","headline":"\u00datuln\u00fd domov a v\u016fn\u011b \u010distoty","name":"\u00datuln\u00fd domov a v\u016fn\u011b \u010distoty","description":"Vlastn\u011b je to tak, \u017ee je ani nevn\u00edm\u00e1me a v\u00edce se soust\u0159ed\u00edme na \u00faklid nebo vol\u00edme novou lampu \u010di jin\u00fd dopln\u011bk. Obchody jsou jimi p\u0159esyceny. V\u00fdjimkou jsou Va\u0161e obl\u00edben\u00e9 sb\u011bratelsk\u00e9 kousky nebo v\u011bci, ke kter\u00fdm m\u00e1te osobn\u00ed vztah. Ani tyto se neobejdou bez dekora\u010dn\u00edch l\u00e1tek, kter\u00e9 jim vytvo\u0159\u00ed takzvan\u011b p\u016fdu pod nohama. Atmosf\u00e9ra ka\u017ed\u00e9ho dne&#46;&#46;&#46;","datePublished":"2025-01-09","dateModified":"2025-01-09","author":{"@type":"Person","@id":"https:\/\/www.froeschl.cz\/author\/#Person","name":"","url":"https:\/\/www.froeschl.cz\/author\/","identifier":1,"image":{"@type":"ImageObject","@id":"https:\/\/secure.gravatar.com\/avatar\/f14f9548cfce1bfc4b3267434069a757db9568e455121a8852ede019c83b3b5e?s=96&d=mm&r=g","url":"https:\/\/secure.gravatar.com\/avatar\/f14f9548cfce1bfc4b3267434069a757db9568e455121a8852ede019c83b3b5e?s=96&d=mm&r=g","height":96,"width":96}},"publisher":{"@type":"Organization","name":"froeschl.cz","logo":{"@type":"ImageObject","@id":"\/logo.png","url":"\/logo.png","width":600,"height":60}},"url":"https:\/\/www.froeschl.cz\/utulny-domov-a-vune-cistoty\/","wordCount":173,"articleBody":"Vlastn\u011b je to tak, \u017ee je ani nevn\u00edm\u00e1me a v\u00edce se soust\u0159ed\u00edme na \u00faklid nebo vol\u00edme novou lampu \u010di jin\u00fd dopln\u011bk. Obchody jsou jimi p\u0159esyceny. V\u00fdjimkou jsou Va\u0161e obl\u00edben\u00e9 sb\u011bratelsk\u00e9 kousky nebo v\u011bci, ke kter\u00fdm m\u00e1te osobn\u00ed vztah. Ani tyto se neobejdou bez dekora\u010dn\u00edch l\u00e1tek, kter\u00e9 jim vytvo\u0159\u00ed takzvan\u011b p\u016fdu pod nohama.Atmosf\u00e9ra ka\u017ed\u00e9ho dneOvlivn\u00edte si ji a m\u016f\u017eete doc\u00edlit tak velice p\u0159\u00edzniv\u00fdch ohlas\u016f rodiny i p\u0159\u00e1telsk\u00fdch setk\u00e1n\u00ed. Kv\u011btiny, ovoce na stole, a i kdy\u017e zrovna nejste naklon\u011bni um\u011bl\u00fdm ozdob\u00e1m pak V\u00e1m pr\u00e1v\u011b dekora\u010dn\u00ed l\u00e1tky ud\u011blaj\u00ed neocenitelnou slu\u017ebu. Dopl\u0148te z\u00e1clony jen vo\u00e1lem ze stejn\u011b vybarven\u00e9 dekora\u010dn\u00ed l\u00e1tky, k origin\u00e1ln\u00ed v\u00e1ze z dovolen\u00e9 vytvo\u0159\u00edte \u00fa\u017easn\u00fd pol\u0161t\u00e1\u0159 z tkaniny s motivy mo\u0159e a p\u0159\u00edrody, odkud jste si ji p\u0159ivezli.                                                                                                                                                                                                                                                                                                                                                                                        2\/5 - (1 vote)        "},{"@context":"https:\/\/schema.org\/","@type":"BreadcrumbList","itemListElement":[{"@type":"ListItem","position":1,"name":"\u00datuln\u00fd domov a v\u016fn\u011b \u010distoty","item":"https:\/\/www.froeschl.cz\/utulny-domov-a-vune-cistoty\/#breadcrumbitem"}]}]