[{"@context":"https:\/\/schema.org\/","@type":"Article","@id":"https:\/\/www.froeschl.cz\/vady-na-krase-a-jak-se-jich-zbavit\/#Article","mainEntityOfPage":"https:\/\/www.froeschl.cz\/vady-na-krase-a-jak-se-jich-zbavit\/","headline":"Vady na kr\u00e1se, a jak se jich zbavit","name":"Vady na kr\u00e1se, a jak se jich zbavit","description":"Vadami na kr\u00e1se rozum\u00edme v\u0161e, co naru\u0161uje na\u0161i p\u0159edstavu o esteticky p\u0159\u00edjemn\u00e9m vzhledu. Mohou to b\u00fdt pup\u00ednky, \u010dern\u00e9 te\u010dky, jemn\u00fd kn\u00edrek, popraskan\u00e9 rty, skvrny na zubech, nebo loupaj\u00edc\u00ed se poko\u017eka hlavy. Jak se t\u011bchto vad zbavit, aby byl v\u00e1\u0161 vzhled p\u0159irozen\u011b kr\u00e1sn\u00fd? Spr\u00e1vn\u00e1 p\u00e9\u010de o ple\u0165 Spr\u00e1vn\u00e1 p\u00e9\u010de o ple\u0165 je d\u016fle\u017eit\u00fdm z\u00e1kladem kr\u00e1sy. N\u011bkdo&#46;&#46;&#46;","datePublished":"2022-02-22","dateModified":"2023-06-07","author":{"@type":"Person","@id":"https:\/\/www.froeschl.cz\/author\/#Person","name":"","url":"https:\/\/www.froeschl.cz\/author\/","identifier":1,"image":{"@type":"ImageObject","@id":"https:\/\/secure.gravatar.com\/avatar\/f14f9548cfce1bfc4b3267434069a757db9568e455121a8852ede019c83b3b5e?s=96&d=mm&r=g","url":"https:\/\/secure.gravatar.com\/avatar\/f14f9548cfce1bfc4b3267434069a757db9568e455121a8852ede019c83b3b5e?s=96&d=mm&r=g","height":96,"width":96}},"publisher":{"@type":"Organization","name":"froeschl.cz","logo":{"@type":"ImageObject","@id":"\/logo.png","url":"\/logo.png","width":600,"height":60}},"image":{"@type":"ImageObject","@id":"https:\/\/www.froeschl.cz\/wp-content\/uploads\/struggle-3805349_640.jpg","url":"https:\/\/www.froeschl.cz\/wp-content\/uploads\/struggle-3805349_640.jpg","height":0,"width":0},"url":"https:\/\/www.froeschl.cz\/vady-na-krase-a-jak-se-jich-zbavit\/","about":["Kr\u00e1sa"],"wordCount":503,"articleBody":"Vadami na kr\u00e1se rozum\u00edme v\u0161e, co naru\u0161uje na\u0161i p\u0159edstavu o esteticky p\u0159\u00edjemn\u00e9m vzhledu. Mohou to b\u00fdt pup\u00ednky, \u010dern\u00e9 te\u010dky, jemn\u00fd kn\u00edrek, popraskan\u00e9 rty, skvrny na zubech, nebo loupaj\u00edc\u00ed se poko\u017eka hlavy. Jak se t\u011bchto vad zbavit, aby byl v\u00e1\u0161 vzhled p\u0159irozen\u011b kr\u00e1sn\u00fd?Spr\u00e1vn\u00e1 p\u00e9\u010de o ple\u0165Spr\u00e1vn\u00e1 p\u00e9\u010de o ple\u0165 je d\u016fle\u017eit\u00fdm z\u00e1kladem kr\u00e1sy. N\u011bkdo m\u00e1 ple\u0165 p\u0159irozen\u011b hladkou, jin\u00fd v\u0161ak m\u016f\u017ee trp\u011bt mast\u00edc\u00ed se poko\u017ekou, nebo vysu\u0161enou plet\u00ed. Rovn\u011b\u017e akn\u00e9 nen\u00ed n\u011bco, \u010d\u00edm trp\u00ed pouze n\u00e1ctilet\u00ed. Aby byla va\u0161e ple\u0165 zdrav\u00e1 a kr\u00e1sn\u00e1, je pot\u0159eba se o ni spr\u00e1vn\u011b starat. Pro za\u010d\u00e1tek je d\u016fle\u017eit\u00e9 dodr\u017eovat pitn\u00fd re\u017eim, proto\u017ee dehydratovan\u00e1 ple\u0165 se \u010dasto vysou\u0161\u00ed, a m\u00e1 sklony k tvorb\u011b pup\u00ednk\u016f. D\u00e1le pak zdrav\u00e1 strava, jej\u00ed\u017e \u00fa\u010dinky se na pleti jasn\u011b odr\u00e1\u017eej\u00ed. Nen\u00ed v\u0161ak radno zapom\u00ednat ani na spr\u00e1vn\u00e9 a pravideln\u00e9 \u010di\u0161t\u011bn\u00ed pleti, pou\u017e\u00edv\u00e1n\u00ed spr\u00e1vn\u00e9 kosmetiky, p\u0159es kterou m\u016f\u017ee va\u0161e ple\u0165 d\u00fdchat. Hydrataci je pot\u0159eba prov\u00e1d\u011bt i zven\u010d\u00ed, nejl\u00e9pe za pomoci spr\u00e1vn\u011b zvolen\u00fdch hydrata\u010dn\u00edch p\u0159\u00edpravk\u016f pro v\u00e1\u0161 typ pleti. Pokud se zrovna nikam nechyst\u00e1te, zdr\u017ete se i pou\u017e\u00edv\u00e1n\u00ed make-upu, kter\u00fd nep\u0159\u00edjemn\u011b ucp\u00e1v\u00e1 p\u00f3ry. Pup\u00ednky rad\u011bji nevyma\u010dk\u00e1vejte, ale po\u010dkejte, a\u017e zmiz\u00ed samy. V boji proti vr\u00e1sk\u00e1m je nejlep\u0161\u00ed kolagen, kter\u00fd zpomaluje st\u00e1rnut\u00ed pleti.\u00a0Chloupky na tv\u00e1\u0159iA\u010dkoliv kn\u00edr jako takov\u00fd pat\u0159\u00ed p\u0159edev\u0161\u00edm k mu\u017esk\u00e9 tv\u00e1\u0159i, i \u017eeny maj\u00ed ochlupen\u00ed v oblasti horn\u00edho rtu, a t\u0159eba\u017ee se jedn\u00e1 o jemn\u00e9 sv\u011btl\u00e9 chloupky, v ur\u010dit\u00e9m sv\u011btle mohou b\u00fdt vid\u011bt, co\u017e nen\u00ed zrovna lichotiv\u00e9. Na\u0161t\u011bst\u00ed existuj\u00ed depila\u010dn\u00ed kr\u00e9my ur\u010deny pr\u00e1v\u011b pro tuto \u010d\u00e1st t\u011bla, d\u00e1le pak depila\u010dn\u00ed pru\u017eina, nebo speci\u00e1ln\u00ed voskov\u00e9 depila\u010dn\u00ed p\u00e1sky. V \u017e\u00e1dn\u00e9m p\u0159\u00edpad\u011b chloupky na tv\u00e1\u0159i neholte \u017eiletkou, nebo\u0165 dojde k tomu, \u017ee zes\u00edl\u00ed, a porostou ve v\u011bt\u0161\u00edm mno\u017estv\u00ed, co\u017e jist\u011b nechcete. Na tv\u00e1\u0159 m\u016f\u017eete pou\u017e\u00edvat rovn\u011b\u017e IPL epil\u00e1tor, kter\u00fd vypaluje chloupky u\u017e v l\u016f\u017eku ko\u0159\u00ednku, a zabra\u0148uje tak dal\u0161\u00edmu r\u016fstu.Popraskan\u00e9 rtyPopraskan\u00e9 rty jsou zp\u016fsobeny p\u0159\u00edli\u0161n\u00fdm vysou\u0161en\u00edm. D\u011bje se tak v\u011bt\u0161inou v zimn\u00edm obdob\u00ed, n\u011bkdo v\u0161ak t\u00edmto probl\u00e9mem trp\u00ed i v teplej\u0161\u00edch dnech. Rty si rozhodn\u011b nezvlh\u010dujte olizov\u00e1n\u00edm, kter\u00e9 vysou\u0161en\u00ed pouze zhor\u0161\u00ed, ale pou\u017e\u00edvejte spr\u00e1vn\u00e9 proma\u0161\u0165uj\u00edc\u00ed balz\u00e1my na rty. Lesk\u016fm se rad\u011bji rovn\u011b\u017e vyhn\u011bte, proto\u017ee i ty maj\u00ed tendenci rty zbyte\u010dn\u011b vysou\u0161et.                                                                                                                                                                                                                                                                                                                                                                                        4.1\/5 - (8 votes)        "},{"@context":"https:\/\/schema.org\/","@type":"BreadcrumbList","itemListElement":[{"@type":"ListItem","position":1,"name":"Vady na kr\u00e1se, a jak se jich zbavit","item":"https:\/\/www.froeschl.cz\/vady-na-krase-a-jak-se-jich-zbavit\/#breadcrumbitem"}]}]